{"id":26064,"date":"2015-10-07T13:04:18","date_gmt":"2015-10-03T13:19:48","guid":{"rendered":"http:\/\/www.jl-paris.com\/?p=26064"},"modified":"2019-06-12T12:10:09","modified_gmt":"2019-06-12T10:10:09","slug":"penelope-bagieu-california-dreamin-2","status":"publish","type":"post","link":"https:\/\/www.jl-paris.com\/en\/paris-blog-lifestyle-culture-art\/jl-art-culture\/penelope-bagieu-california-dreamin-2\/","title":{"rendered":"P\u00e9n\u00e9lope Bagieu and her &#8220;Californian dream&#8221;&#8230;"},"content":{"rendered":"<div class=\"wpb-content-wrapper\">[vc_row row_type=&#8221;row&#8221; type=&#8221;grid&#8221; text_align=&#8221;left&#8221; video=&#8221;&#8221; padding_top=&#8221;30&#8243; padding_bottom=&#8221;30&#8243; css_animation=&#8221;&#8221;][vc_column][vc_text_separator title=&#8221;J&amp;L Art &amp; Culture&#8221; border=&#8221;no&#8221;][vc_empty_space height=&#8221;30px&#8221;][vc_empty_space height=&#8221;30px&#8221;][vc_column_text]\n<p style=\"text-align: center;\">To mark the release of her new album, the Parisian gallery Barbier &amp; Mathon welcomes, for our greater pleasure, some original plates\u00a0of this amazing artist.<\/p>\n[\/vc_column_text][vc_empty_space height=&#8221;30px&#8221;][\/vc_column][\/vc_row][vc_row row_type=&#8221;row&#8221; type=&#8221;grid&#8221; text_align=&#8221;center&#8221; video=&#8221;&#8221; css_animation=&#8221;&#8221;][vc_column width=&#8221;1\/4&#8243;][vc_column_text]\n[\/vc_column_text][\/vc_column][vc_column width=&#8221;1\/2&#8243;][vc_single_image image=&#8221;31013&#8243; img_size=&#8221;full&#8221; alignment=&#8221;center&#8221; qode_css_animation=&#8221;&#8221;][\/vc_column][vc_column width=&#8221;1\/4&#8243;][vc_column_text]\n[\/vc_column_text][\/vc_column][\/vc_row][vc_row row_type=&#8221;row&#8221; type=&#8221;grid&#8221; text_align=&#8221;left&#8221; video=&#8221;&#8221; padding_top=&#8221;30&#8243; padding_bottom=&#8221;30&#8243; css_animation=&#8221;&#8221;][vc_column][vc_empty_space height=&#8221;30px&#8221;][vc_column_text]\n<p style=\"text-align: center;\">This new comic strip album represents a huge revolution in the P\u00e9n\u00e9lope Bagieu graphic design\u00a0style. She liberates herself from her previous own style and delivers an album fully\u00a0drawn with a traditional pencil. Her\u00a0special soft\u00a0line is still over here but an incredible spontaneity surrounds her drawings with any IT\u00a0colorization. Thus, all the effect results from\u00a0this simple pencil, different coloring techniques and a more or less marked\u00a0pressure on the pencil to obtain\u00a0different shades and renderings.<\/p>\n<p style=\"margin-top: 20px; text-align: center;\">This is a challenge and the cartoonist clearly took it up! Where drawings less shiny than before were expected, P\u00e9n\u00e9lope Bagieu offers intense\u00a0plates and lets us follow each pencil lines on it.<\/p>\n<p style=\"margin-top: 20px; text-align: center;\">Seeing these original plates is a unique occasion to discover her\u00a0remarkable rough drawing\u00a0work. The gallery\u00a0is spacious and welcoming at\u00a0the heart of Paris,\u00a0at a stone&#8217;s throw from Notre Dame de Lorette.<b class=\"b4\"><\/b><\/p>\n[\/vc_column_text][vc_empty_space height=&#8221;30px&#8221;][\/vc_column][\/vc_row][vc_row row_type=&#8221;row&#8221; type=&#8221;grid&#8221; text_align=&#8221;center&#8221; video=&#8221;&#8221; css_animation=&#8221;&#8221;][vc_column width=&#8221;1\/4&#8243;][vc_column_text]\n[\/vc_column_text][\/vc_column][vc_column width=&#8221;1\/2&#8243;][vc_single_image image=&#8221;31018&#8243; img_size=&#8221;full&#8221; alignment=&#8221;center&#8221; qode_css_animation=&#8221;&#8221;][\/vc_column][vc_column width=&#8221;1\/4&#8243;][vc_column_text]\n[\/vc_column_text][\/vc_column][\/vc_row][vc_row row_type=&#8221;row&#8221; type=&#8221;grid&#8221; text_align=&#8221;left&#8221; video=&#8221;&#8221; padding_top=&#8221;30&#8243; padding_bottom=&#8221;30&#8243; css_animation=&#8221;&#8221;][vc_column][vc_empty_space height=&#8221;30px&#8221;][vc_column_text]\n<p style=\"text-align: center;\">In few words, the album history is focused on the famous band &#8220;The Mamas and the Papas&#8221;, author of the hit\u00a0&#8220;California dreamin&#8221; and more precisely on its famous singer, passed away\u00a0at the age of 32. The action takes place\u00a0in the\u00a060&#8217;s, in an America surrounded by a carefreeness climate and the joy of life.<\/p>\n[\/vc_column_text][vc_empty_space height=&#8221;30px&#8221;][\/vc_column][\/vc_row][vc_row row_type=&#8221;row&#8221; type=&#8221;grid&#8221; text_align=&#8221;center&#8221; video=&#8221;&#8221; css_animation=&#8221;&#8221;][vc_column width=&#8221;1\/4&#8243;][vc_column_text]\n[\/vc_column_text][\/vc_column][vc_column width=&#8221;1\/2&#8243;][vc_single_image image=&#8221;31015&#8243; img_size=&#8221;full&#8221; alignment=&#8221;center&#8221; qode_css_animation=&#8221;&#8221;][\/vc_column][vc_column width=&#8221;1\/4&#8243;][vc_column_text]\n[\/vc_column_text][\/vc_column][\/vc_row][vc_row row_type=&#8221;row&#8221; type=&#8221;grid&#8221; text_align=&#8221;left&#8221; video=&#8221;&#8221; padding_top=&#8221;30&#8243; padding_bottom=&#8221;30&#8243; css_animation=&#8221;&#8221;][vc_column][vc_empty_space height=&#8221;30px&#8221;][vc_separator color=&#8221;#e7ad9c&#8221; type=&#8221;full_width&#8221; border_style=&#8221;solid&#8221;][vc_empty_space height=&#8221;30px&#8221;][vc_custom_heading text=&#8221;My drawing inspired by the P\u00e9n\u00e9lope Bagieu exhibition &#8221; font_container=&#8221;tag:h2|text_align:center&#8221; google_fonts=&#8221;font_family:Roboto%3A100%2C100italic%2C300%2C300italic%2Cregular%2Citalic%2C500%2C500italic%2C700%2C700italic%2C900%2C900italic|font_style:900%20bold%20regular%3A900%3Anormal&#8221; css=&#8221;.vc_custom_1444212538025{margin-top: 30px !important;}&#8221;][vc_empty_space height=&#8221;30px&#8221;][vc_column_text]\n<p style=\"text-align: center;\">This is a reproduction by <a href=\"https:\/\/www.facebook.com\/lapagedeceline\/\">C\u00e9line<\/a> of a piece from a magnificent album cover discovered during this visit.<\/p>\n[\/vc_column_text][vc_empty_space height=&#8221;30px&#8221;][\/vc_column][\/vc_row][vc_row row_type=&#8221;row&#8221; type=&#8221;grid&#8221; text_align=&#8221;center&#8221; video=&#8221;&#8221; css_animation=&#8221;&#8221;][vc_column][vc_single_image image=&#8221;31016&#8243; img_size=&#8221;full&#8221; alignment=&#8221;center&#8221; qode_css_animation=&#8221;&#8221;][\/vc_column][\/vc_row][vc_row row_type=&#8221;row&#8221; type=&#8221;grid&#8221; text_align=&#8221;left&#8221; video=&#8221;&#8221; padding_top=&#8221;30&#8243; padding_bottom=&#8221;30&#8243; css_animation=&#8221;&#8221;][vc_column][vc_empty_space height=&#8221;60px&#8221;][\/vc_column][\/vc_row][vc_row row_type=&#8221;row&#8221; type=&#8221;full_width&#8221; text_align=&#8221;left&#8221; video=&#8221;&#8221; padding_top=&#8221;30&#8243; css_animation=&#8221;&#8221;][vc_column][vc_gmaps link=&#8221;#E-8_JTNDaWZyYW1lJTIwc3JjJTNEJTIyaHR0cHMlM0ElMkYlMkZ3d3cuZ29vZ2xlLmNvbSUyRm1hcHMlMkZkJTJGZW1iZWQlM0ZtaWQlM0R6Zlk5UzJScFAxdVEua2tJNTBaY0cwMjE0JTIyJTIwd2lkdGglM0QlMjI2NDAlMjIlMjBoZWlnaHQlM0QlMjI0ODAlMjIlM0UlM0MlMkZpZnJhbWUlM0U=&#8221; size=&#8221;369&#8243;][vc_empty_space height=&#8221;30px&#8221;][\/vc_column][\/vc_row]\n<\/div>","protected":false},"excerpt":{"rendered":"<p>J&#038;L ILLUSTRATOR &#8211; The drawing in all its glory! This week: P\u00e9n\u00e9lope Bagieu and her &#8220;Californian dream&#8221;<\/p>\n","protected":false},"author":10,"featured_media":31019,"comment_status":"closed","ping_status":"closed","sticky":false,"template":"","format":"standard","meta":{"_acf_changed":false,"footnotes":""},"categories":[163],"tags":[],"class_list":["post-26064","post","type-post","status-publish","format-standard","has-post-thumbnail","hentry","category-jl-art-culture"],"acf":[],"yoast_head":"<!-- This site is optimized with the Yoast SEO plugin v27.1.1 - https:\/\/yoast.com\/product\/yoast-seo-wordpress\/ -->\n<title>J&amp;L Illustrator - P\u00e9n\u00e9lope Bagieu and her &quot;Californian dream&quot;<\/title>\n<meta name=\"description\" content=\"J&amp;L ILLUSTRATOR - P\u00e9n\u00e9lope Bagieu and her &quot;Californian dream&quot;... | To mark the release of her new album, the parisian gallery Barbier &amp; Mathon welcomes, for our greater pleasure, some original plates of this amazing artist.\" \/>\n<meta name=\"robots\" content=\"index, follow, max-snippet:-1, max-image-preview:large, max-video-preview:-1\" \/>\n<link rel=\"canonical\" href=\"https:\/\/www.jl-paris.com\/en\/paris-blog-lifestyle-culture-art\/jl-art-culture\/penelope-bagieu-california-dreamin-2\/\" \/>\n<meta property=\"og:locale\" content=\"en_US\" \/>\n<meta property=\"og:type\" content=\"article\" \/>\n<meta property=\"og:title\" content=\"J&amp;L Illustrator - P\u00e9n\u00e9lope Bagieu and her &quot;Californian dream&quot;\" \/>\n<meta property=\"og:description\" content=\"J&amp;L ILLUSTRATOR - P\u00e9n\u00e9lope Bagieu and her &quot;Californian dream&quot;... | To mark the release of her new album, the parisian gallery Barbier &amp; Mathon welcomes, for our greater pleasure, some original plates of this amazing artist.\" \/>\n<meta property=\"og:url\" content=\"https:\/\/www.jl-paris.com\/en\/paris-blog-lifestyle-culture-art\/jl-art-culture\/penelope-bagieu-california-dreamin-2\/\" \/>\n<meta property=\"og:site_name\" content=\"J&amp;L Paris\" \/>\n<meta property=\"article:publisher\" content=\"https:\/\/www.facebook.com\/jlparis.agency\/\" \/>\n<meta property=\"article:published_time\" content=\"2015-10-03T13:19:48+00:00\" \/>\n<meta property=\"article:modified_time\" content=\"2019-06-12T10:10:09+00:00\" \/>\n<meta property=\"og:image\" content=\"https:\/\/www.jl-paris.com\/wp-content\/uploads\/2015\/10\/jl-paris-blog-penelope-bagieu-california-dreamin-featured.jpg\" \/>\n\t<meta property=\"og:image:width\" content=\"1100\" \/>\n\t<meta property=\"og:image:height\" content=\"420\" \/>\n\t<meta property=\"og:image:type\" content=\"image\/jpeg\" \/>\n<meta name=\"author\" content=\"Celine B.\" \/>\n<meta name=\"twitter:card\" content=\"summary_large_image\" \/>\n<meta name=\"twitter:creator\" content=\"@JLParisagency\" \/>\n<meta name=\"twitter:site\" content=\"@JLParisagency\" \/>\n<meta name=\"twitter:label1\" content=\"Written by\" \/>\n\t<meta name=\"twitter:data1\" content=\"Celine B.\" \/>\n\t<meta name=\"twitter:label2\" content=\"Est. reading time\" \/>\n\t<meta name=\"twitter:data2\" content=\"4 minutes\" \/>\n<script type=\"application\/ld+json\" class=\"yoast-schema-graph\">{\"@context\":\"https:\/\/schema.org\",\"@graph\":[{\"@type\":\"Article\",\"@id\":\"https:\/\/www.jl-paris.com\/en\/paris-blog-lifestyle-culture-art\/jl-art-culture\/penelope-bagieu-california-dreamin-2\/#article\",\"isPartOf\":{\"@id\":\"https:\/\/www.jl-paris.com\/en\/paris-blog-lifestyle-culture-art\/jl-art-culture\/penelope-bagieu-california-dreamin-2\/\"},\"author\":{\"name\":\"Celine B.\",\"@id\":\"https:\/\/www.jl-paris.com\/en\/#\/schema\/person\/b4075495236bc0c714c465efe280d94b\"},\"headline\":\"P\u00e9n\u00e9lope Bagieu and her &#8220;Californian dream&#8221;&#8230;\",\"datePublished\":\"2015-10-03T13:19:48+00:00\",\"dateModified\":\"2019-06-12T10:10:09+00:00\",\"mainEntityOfPage\":{\"@id\":\"https:\/\/www.jl-paris.com\/en\/paris-blog-lifestyle-culture-art\/jl-art-culture\/penelope-bagieu-california-dreamin-2\/\"},\"wordCount\":792,\"publisher\":{\"@id\":\"https:\/\/www.jl-paris.com\/en\/#organization\"},\"image\":{\"@id\":\"https:\/\/www.jl-paris.com\/en\/paris-blog-lifestyle-culture-art\/jl-art-culture\/penelope-bagieu-california-dreamin-2\/#primaryimage\"},\"thumbnailUrl\":\"https:\/\/www.jl-paris.com\/wp-content\/uploads\/2015\/10\/jl-paris-blog-penelope-bagieu-california-dreamin-featured.jpg\",\"articleSection\":[\"J&amp;L Art &amp; Culture\"],\"inLanguage\":\"en-US\"},{\"@type\":\"WebPage\",\"@id\":\"https:\/\/www.jl-paris.com\/en\/paris-blog-lifestyle-culture-art\/jl-art-culture\/penelope-bagieu-california-dreamin-2\/\",\"url\":\"https:\/\/www.jl-paris.com\/en\/paris-blog-lifestyle-culture-art\/jl-art-culture\/penelope-bagieu-california-dreamin-2\/\",\"name\":\"J&L Illustrator - P\u00e9n\u00e9lope Bagieu and her \\\"Californian dream\\\"\",\"isPartOf\":{\"@id\":\"https:\/\/www.jl-paris.com\/en\/#website\"},\"primaryImageOfPage\":{\"@id\":\"https:\/\/www.jl-paris.com\/en\/paris-blog-lifestyle-culture-art\/jl-art-culture\/penelope-bagieu-california-dreamin-2\/#primaryimage\"},\"image\":{\"@id\":\"https:\/\/www.jl-paris.com\/en\/paris-blog-lifestyle-culture-art\/jl-art-culture\/penelope-bagieu-california-dreamin-2\/#primaryimage\"},\"thumbnailUrl\":\"https:\/\/www.jl-paris.com\/wp-content\/uploads\/2015\/10\/jl-paris-blog-penelope-bagieu-california-dreamin-featured.jpg\",\"datePublished\":\"2015-10-03T13:19:48+00:00\",\"dateModified\":\"2019-06-12T10:10:09+00:00\",\"description\":\"J&L ILLUSTRATOR - P\u00e9n\u00e9lope Bagieu and her \\\"Californian dream\\\"... | To mark the release of her new album, the parisian gallery Barbier & Mathon welcomes, for our greater pleasure, some original plates of this amazing artist.\",\"breadcrumb\":{\"@id\":\"https:\/\/www.jl-paris.com\/en\/paris-blog-lifestyle-culture-art\/jl-art-culture\/penelope-bagieu-california-dreamin-2\/#breadcrumb\"},\"inLanguage\":\"en-US\",\"potentialAction\":[{\"@type\":\"ReadAction\",\"target\":[\"https:\/\/www.jl-paris.com\/en\/paris-blog-lifestyle-culture-art\/jl-art-culture\/penelope-bagieu-california-dreamin-2\/\"]}]},{\"@type\":\"ImageObject\",\"inLanguage\":\"en-US\",\"@id\":\"https:\/\/www.jl-paris.com\/en\/paris-blog-lifestyle-culture-art\/jl-art-culture\/penelope-bagieu-california-dreamin-2\/#primaryimage\",\"url\":\"https:\/\/www.jl-paris.com\/wp-content\/uploads\/2015\/10\/jl-paris-blog-penelope-bagieu-california-dreamin-featured.jpg\",\"contentUrl\":\"https:\/\/www.jl-paris.com\/wp-content\/uploads\/2015\/10\/jl-paris-blog-penelope-bagieu-california-dreamin-featured.jpg\",\"width\":1100,\"height\":420,\"caption\":\"penelope bagieu\"},{\"@type\":\"BreadcrumbList\",\"@id\":\"https:\/\/www.jl-paris.com\/en\/paris-blog-lifestyle-culture-art\/jl-art-culture\/penelope-bagieu-california-dreamin-2\/#breadcrumb\",\"itemListElement\":[{\"@type\":\"ListItem\",\"position\":1,\"name\":\"Accueil\",\"item\":\"https:\/\/www.jl-paris.com\/en\/\"},{\"@type\":\"ListItem\",\"position\":2,\"name\":\"P\u00e9n\u00e9lope Bagieu and her &#8220;Californian dream&#8221;&#8230;\"}]},{\"@type\":\"WebSite\",\"@id\":\"https:\/\/www.jl-paris.com\/en\/#website\",\"url\":\"https:\/\/www.jl-paris.com\/en\/\",\"name\":\"J&amp;L Paris\",\"description\":\"Visite guid\u00e9es, parcours, conf\u00e9rences \u00e0 Paris\",\"publisher\":{\"@id\":\"https:\/\/www.jl-paris.com\/en\/#organization\"},\"potentialAction\":[{\"@type\":\"SearchAction\",\"target\":{\"@type\":\"EntryPoint\",\"urlTemplate\":\"https:\/\/www.jl-paris.com\/en\/?s={search_term_string}\"},\"query-input\":{\"@type\":\"PropertyValueSpecification\",\"valueRequired\":true,\"valueName\":\"search_term_string\"}}],\"inLanguage\":\"en-US\"},{\"@type\":\"Organization\",\"@id\":\"https:\/\/www.jl-paris.com\/en\/#organization\",\"name\":\"J&L Paris\",\"url\":\"https:\/\/www.jl-paris.com\/en\/\",\"logo\":{\"@type\":\"ImageObject\",\"inLanguage\":\"en-US\",\"@id\":\"https:\/\/www.jl-paris.com\/en\/#\/schema\/logo\/image\/\",\"url\":\"https:\/\/www.jl-paris.com\/wp-content\/uploads\/2016\/11\/jl-paris-biography.jpg\",\"contentUrl\":\"https:\/\/www.jl-paris.com\/wp-content\/uploads\/2016\/11\/jl-paris-biography.jpg\",\"width\":400,\"height\":400,\"caption\":\"J&L Paris\"},\"image\":{\"@id\":\"https:\/\/www.jl-paris.com\/en\/#\/schema\/logo\/image\/\"},\"sameAs\":[\"https:\/\/www.facebook.com\/jlparis.agency\/\",\"https:\/\/x.com\/JLParisagency\",\"https:\/\/www.instagram.com\/jl_paris\/\",\"https:\/\/www.linkedin.com\/company\/10237378\/\"]},{\"@type\":\"Person\",\"@id\":\"https:\/\/www.jl-paris.com\/en\/#\/schema\/person\/b4075495236bc0c714c465efe280d94b\",\"name\":\"Celine B.\",\"image\":{\"@type\":\"ImageObject\",\"inLanguage\":\"en-US\",\"@id\":\"https:\/\/www.jl-paris.com\/en\/#\/schema\/person\/image\/\",\"url\":\"https:\/\/secure.gravatar.com\/avatar\/?s=96&d=mm&r=g\",\"contentUrl\":\"https:\/\/secure.gravatar.com\/avatar\/?s=96&d=mm&r=g\",\"caption\":\"Celine B.\"}}]}<\/script>\n<!-- \/ Yoast SEO plugin. -->","yoast_head_json":{"title":"J&L Illustrator - P\u00e9n\u00e9lope Bagieu and her \"Californian dream\"","description":"J&L ILLUSTRATOR - P\u00e9n\u00e9lope Bagieu and her \"Californian dream\"... | To mark the release of her new album, the parisian gallery Barbier & Mathon welcomes, for our greater pleasure, some original plates of this amazing artist.","robots":{"index":"index","follow":"follow","max-snippet":"max-snippet:-1","max-image-preview":"max-image-preview:large","max-video-preview":"max-video-preview:-1"},"canonical":"https:\/\/www.jl-paris.com\/en\/paris-blog-lifestyle-culture-art\/jl-art-culture\/penelope-bagieu-california-dreamin-2\/","og_locale":"en_US","og_type":"article","og_title":"J&L Illustrator - P\u00e9n\u00e9lope Bagieu and her \"Californian dream\"","og_description":"J&L ILLUSTRATOR - P\u00e9n\u00e9lope Bagieu and her \"Californian dream\"... | To mark the release of her new album, the parisian gallery Barbier & Mathon welcomes, for our greater pleasure, some original plates of this amazing artist.","og_url":"https:\/\/www.jl-paris.com\/en\/paris-blog-lifestyle-culture-art\/jl-art-culture\/penelope-bagieu-california-dreamin-2\/","og_site_name":"J&amp;L Paris","article_publisher":"https:\/\/www.facebook.com\/jlparis.agency\/","article_published_time":"2015-10-03T13:19:48+00:00","article_modified_time":"2019-06-12T10:10:09+00:00","og_image":[{"width":1100,"height":420,"url":"https:\/\/www.jl-paris.com\/wp-content\/uploads\/2015\/10\/jl-paris-blog-penelope-bagieu-california-dreamin-featured.jpg","type":"image\/jpeg"}],"author":"Celine B.","twitter_card":"summary_large_image","twitter_creator":"@JLParisagency","twitter_site":"@JLParisagency","twitter_misc":{"Written by":"Celine B.","Est. reading time":"4 minutes"},"schema":{"@context":"https:\/\/schema.org","@graph":[{"@type":"Article","@id":"https:\/\/www.jl-paris.com\/en\/paris-blog-lifestyle-culture-art\/jl-art-culture\/penelope-bagieu-california-dreamin-2\/#article","isPartOf":{"@id":"https:\/\/www.jl-paris.com\/en\/paris-blog-lifestyle-culture-art\/jl-art-culture\/penelope-bagieu-california-dreamin-2\/"},"author":{"name":"Celine B.","@id":"https:\/\/www.jl-paris.com\/en\/#\/schema\/person\/b4075495236bc0c714c465efe280d94b"},"headline":"P\u00e9n\u00e9lope Bagieu and her &#8220;Californian dream&#8221;&#8230;","datePublished":"2015-10-03T13:19:48+00:00","dateModified":"2019-06-12T10:10:09+00:00","mainEntityOfPage":{"@id":"https:\/\/www.jl-paris.com\/en\/paris-blog-lifestyle-culture-art\/jl-art-culture\/penelope-bagieu-california-dreamin-2\/"},"wordCount":792,"publisher":{"@id":"https:\/\/www.jl-paris.com\/en\/#organization"},"image":{"@id":"https:\/\/www.jl-paris.com\/en\/paris-blog-lifestyle-culture-art\/jl-art-culture\/penelope-bagieu-california-dreamin-2\/#primaryimage"},"thumbnailUrl":"https:\/\/www.jl-paris.com\/wp-content\/uploads\/2015\/10\/jl-paris-blog-penelope-bagieu-california-dreamin-featured.jpg","articleSection":["J&amp;L Art &amp; Culture"],"inLanguage":"en-US"},{"@type":"WebPage","@id":"https:\/\/www.jl-paris.com\/en\/paris-blog-lifestyle-culture-art\/jl-art-culture\/penelope-bagieu-california-dreamin-2\/","url":"https:\/\/www.jl-paris.com\/en\/paris-blog-lifestyle-culture-art\/jl-art-culture\/penelope-bagieu-california-dreamin-2\/","name":"J&L Illustrator - P\u00e9n\u00e9lope Bagieu and her \"Californian dream\"","isPartOf":{"@id":"https:\/\/www.jl-paris.com\/en\/#website"},"primaryImageOfPage":{"@id":"https:\/\/www.jl-paris.com\/en\/paris-blog-lifestyle-culture-art\/jl-art-culture\/penelope-bagieu-california-dreamin-2\/#primaryimage"},"image":{"@id":"https:\/\/www.jl-paris.com\/en\/paris-blog-lifestyle-culture-art\/jl-art-culture\/penelope-bagieu-california-dreamin-2\/#primaryimage"},"thumbnailUrl":"https:\/\/www.jl-paris.com\/wp-content\/uploads\/2015\/10\/jl-paris-blog-penelope-bagieu-california-dreamin-featured.jpg","datePublished":"2015-10-03T13:19:48+00:00","dateModified":"2019-06-12T10:10:09+00:00","description":"J&L ILLUSTRATOR - P\u00e9n\u00e9lope Bagieu and her \"Californian dream\"... | To mark the release of her new album, the parisian gallery Barbier & Mathon welcomes, for our greater pleasure, some original plates of this amazing artist.","breadcrumb":{"@id":"https:\/\/www.jl-paris.com\/en\/paris-blog-lifestyle-culture-art\/jl-art-culture\/penelope-bagieu-california-dreamin-2\/#breadcrumb"},"inLanguage":"en-US","potentialAction":[{"@type":"ReadAction","target":["https:\/\/www.jl-paris.com\/en\/paris-blog-lifestyle-culture-art\/jl-art-culture\/penelope-bagieu-california-dreamin-2\/"]}]},{"@type":"ImageObject","inLanguage":"en-US","@id":"https:\/\/www.jl-paris.com\/en\/paris-blog-lifestyle-culture-art\/jl-art-culture\/penelope-bagieu-california-dreamin-2\/#primaryimage","url":"https:\/\/www.jl-paris.com\/wp-content\/uploads\/2015\/10\/jl-paris-blog-penelope-bagieu-california-dreamin-featured.jpg","contentUrl":"https:\/\/www.jl-paris.com\/wp-content\/uploads\/2015\/10\/jl-paris-blog-penelope-bagieu-california-dreamin-featured.jpg","width":1100,"height":420,"caption":"penelope bagieu"},{"@type":"BreadcrumbList","@id":"https:\/\/www.jl-paris.com\/en\/paris-blog-lifestyle-culture-art\/jl-art-culture\/penelope-bagieu-california-dreamin-2\/#breadcrumb","itemListElement":[{"@type":"ListItem","position":1,"name":"Accueil","item":"https:\/\/www.jl-paris.com\/en\/"},{"@type":"ListItem","position":2,"name":"P\u00e9n\u00e9lope Bagieu and her &#8220;Californian dream&#8221;&#8230;"}]},{"@type":"WebSite","@id":"https:\/\/www.jl-paris.com\/en\/#website","url":"https:\/\/www.jl-paris.com\/en\/","name":"J&amp;L Paris","description":"Visite guid\u00e9es, parcours, conf\u00e9rences \u00e0 Paris","publisher":{"@id":"https:\/\/www.jl-paris.com\/en\/#organization"},"potentialAction":[{"@type":"SearchAction","target":{"@type":"EntryPoint","urlTemplate":"https:\/\/www.jl-paris.com\/en\/?s={search_term_string}"},"query-input":{"@type":"PropertyValueSpecification","valueRequired":true,"valueName":"search_term_string"}}],"inLanguage":"en-US"},{"@type":"Organization","@id":"https:\/\/www.jl-paris.com\/en\/#organization","name":"J&L Paris","url":"https:\/\/www.jl-paris.com\/en\/","logo":{"@type":"ImageObject","inLanguage":"en-US","@id":"https:\/\/www.jl-paris.com\/en\/#\/schema\/logo\/image\/","url":"https:\/\/www.jl-paris.com\/wp-content\/uploads\/2016\/11\/jl-paris-biography.jpg","contentUrl":"https:\/\/www.jl-paris.com\/wp-content\/uploads\/2016\/11\/jl-paris-biography.jpg","width":400,"height":400,"caption":"J&L Paris"},"image":{"@id":"https:\/\/www.jl-paris.com\/en\/#\/schema\/logo\/image\/"},"sameAs":["https:\/\/www.facebook.com\/jlparis.agency\/","https:\/\/x.com\/JLParisagency","https:\/\/www.instagram.com\/jl_paris\/","https:\/\/www.linkedin.com\/company\/10237378\/"]},{"@type":"Person","@id":"https:\/\/www.jl-paris.com\/en\/#\/schema\/person\/b4075495236bc0c714c465efe280d94b","name":"Celine B.","image":{"@type":"ImageObject","inLanguage":"en-US","@id":"https:\/\/www.jl-paris.com\/en\/#\/schema\/person\/image\/","url":"https:\/\/secure.gravatar.com\/avatar\/?s=96&d=mm&r=g","contentUrl":"https:\/\/secure.gravatar.com\/avatar\/?s=96&d=mm&r=g","caption":"Celine B."}}]}},"_links":{"self":[{"href":"https:\/\/www.jl-paris.com\/en\/wp-json\/wp\/v2\/posts\/26064","targetHints":{"allow":["GET"]}}],"collection":[{"href":"https:\/\/www.jl-paris.com\/en\/wp-json\/wp\/v2\/posts"}],"about":[{"href":"https:\/\/www.jl-paris.com\/en\/wp-json\/wp\/v2\/types\/post"}],"author":[{"embeddable":true,"href":"https:\/\/www.jl-paris.com\/en\/wp-json\/wp\/v2\/users\/10"}],"replies":[{"embeddable":true,"href":"https:\/\/www.jl-paris.com\/en\/wp-json\/wp\/v2\/comments?post=26064"}],"version-history":[{"count":0,"href":"https:\/\/www.jl-paris.com\/en\/wp-json\/wp\/v2\/posts\/26064\/revisions"}],"wp:featuredmedia":[{"embeddable":true,"href":"https:\/\/www.jl-paris.com\/en\/wp-json\/wp\/v2\/media\/31019"}],"wp:attachment":[{"href":"https:\/\/www.jl-paris.com\/en\/wp-json\/wp\/v2\/media?parent=26064"}],"wp:term":[{"taxonomy":"category","embeddable":true,"href":"https:\/\/www.jl-paris.com\/en\/wp-json\/wp\/v2\/categories?post=26064"},{"taxonomy":"post_tag","embeddable":true,"href":"https:\/\/www.jl-paris.com\/en\/wp-json\/wp\/v2\/tags?post=26064"}],"curies":[{"name":"wp","href":"https:\/\/api.w.org\/{rel}","templated":true}]}}